{"id":152,"date":"2023-06-13T13:46:24","date_gmt":"2023-06-13T13:46:24","guid":{"rendered":"https:\/\/radioespectro.cl\/?p=152"},"modified":"2023-06-13T16:29:37","modified_gmt":"2023-06-13T16:29:37","slug":"152","status":"publish","type":"post","link":"https:\/\/radioespectro.cl\/152\/","title":{"rendered":"19 veh\u00edculos colisionaron en puente tinguiririca San Fernando"},"content":{"rendered":"<p>Colisi\u00f3n Multiple<br \/>\nA las 07:45 horas, en el Puente Tinguiririca Km. 01, Ruta I-90, San Fernando.<\/p>\n<div style=\"width: 368px;\" class=\"wp-video\"><video class=\"wp-video-shortcode\" id=\"video-152-1\" width=\"368\" height=\"672\" preload=\"metadata\" controls=\"controls\"><source type=\"video\/mp4\" src=\"https:\/\/radioespectro.cl\/wp-content\/uploads\/2023\/06\/VID-20230613-WA0022.mp4?_=1\" \/><a href=\"https:\/\/radioespectro.cl\/wp-content\/uploads\/2023\/06\/VID-20230613-WA0022.mp4\">https:\/\/radioespectro.cl\/wp-content\/uploads\/2023\/06\/VID-20230613-WA0022.mp4<\/a><\/video><\/div>\n<p>Carabineros de la 1\u00aa Com. San Fernando se encuentran trabajando en el lugar<br \/>\nProducto de la acumulaci\u00f3n de hielo en la calzada, se origin\u00f3 un accidente de tr\u00e1nsito, colisi\u00f3n por alcance m\u00faltiple, con la participaci\u00f3n de 19 veh\u00edculos menores y 2 buses de transporte interurbano, accidente sucesivo que involucra ambas calzadas. Hasta el momento hay 7 lesionados sin riesgo vital, los que ser\u00e1n trasladados a los diferentes centros de salud, para su atenci\u00f3n y diagn\u00f3stico.<\/p>\n<p><img loading=\"lazy\" decoding=\"async\" class=\"alignnone size-medium wp-image-157\" src=\"https:\/\/radioespectro.cl\/wp-content\/uploads\/2023\/06\/IMG-20230613-WA0024-300x225.jpg\" alt=\"\" width=\"300\" height=\"225\" srcset=\"https:\/\/radioespectro.cl\/wp-content\/uploads\/2023\/06\/IMG-20230613-WA0024-300x225.jpg 300w, https:\/\/radioespectro.cl\/wp-content\/uploads\/2023\/06\/IMG-20230613-WA0024-768x576.jpg 768w, https:\/\/radioespectro.cl\/wp-content\/uploads\/2023\/06\/IMG-20230613-WA0024.jpg 1024w\" sizes=\"auto, (max-width: 300px) 100vw, 300px\" \/><br \/>\nAmbas pistas de circulaci\u00f3n se encuentran obstruidas y con nulo flujo vehicular.<br \/>\nCarabineros est\u00e1 realizando la asistencia y desv\u00edos correspondientes con apoyo de equipos de emergencia.<\/p>\n<p><img loading=\"lazy\" decoding=\"async\" class=\"alignnone size-medium wp-image-154\" src=\"https:\/\/radioespectro.cl\/wp-content\/uploads\/2023\/06\/IMG-20230613-WA0028-169x300.jpg\" alt=\"\" width=\"169\" height=\"300\" srcset=\"https:\/\/radioespectro.cl\/wp-content\/uploads\/2023\/06\/IMG-20230613-WA0028-169x300.jpg 169w, https:\/\/radioespectro.cl\/wp-content\/uploads\/2023\/06\/IMG-20230613-WA0028-575x1024.jpg 575w, https:\/\/radioespectro.cl\/wp-content\/uploads\/2023\/06\/IMG-20230613-WA0028.jpg 719w\" sizes=\"auto, (max-width: 169px) 100vw, 169px\" \/><br \/>\nUno de los veh\u00edculos policiales fue colisionado de roce por uno de los veh\u00edculos que se desplazaba por el lugar, resultando con da\u00f1os de mediana consideraci\u00f3n en la parte posterior de su estructura<br \/>\nProcedimiento en desarrollo.<\/p>\n","protected":false},"excerpt":{"rendered":"<p>Colisi\u00f3n Multiple A las 07:45 horas, en el Puente Tinguiririca Km. 01, Ruta I-90, San Fernando. Carabineros de la 1\u00aa Com. San Fernando se encuentran trabajando en el lugar Producto de la acumulaci\u00f3n de hielo en la calzada, se origin\u00f3 un accidente de tr\u00e1nsito, colisi\u00f3n por alcance m\u00faltiple, con la participaci\u00f3n de 19 veh\u00edculos menores [&hellip;]<\/p>\n","protected":false},"author":2,"featured_media":155,"comment_status":"open","ping_status":"closed","sticky":false,"template":"","format":"standard","meta":{"footnotes":""},"categories":[3,1],"tags":[],"class_list":["post-152","post","type-post","status-publish","format-standard","has-post-thumbnail","hentry","category-lo-nuevo","category-regional"],"_links":{"self":[{"href":"https:\/\/radioespectro.cl\/wp-json\/wp\/v2\/posts\/152","targetHints":{"allow":["GET"]}}],"collection":[{"href":"https:\/\/radioespectro.cl\/wp-json\/wp\/v2\/posts"}],"about":[{"href":"https:\/\/radioespectro.cl\/wp-json\/wp\/v2\/types\/post"}],"author":[{"embeddable":true,"href":"https:\/\/radioespectro.cl\/wp-json\/wp\/v2\/users\/2"}],"replies":[{"embeddable":true,"href":"https:\/\/radioespectro.cl\/wp-json\/wp\/v2\/comments?post=152"}],"version-history":[{"count":3,"href":"https:\/\/radioespectro.cl\/wp-json\/wp\/v2\/posts\/152\/revisions"}],"predecessor-version":[{"id":164,"href":"https:\/\/radioespectro.cl\/wp-json\/wp\/v2\/posts\/152\/revisions\/164"}],"wp:featuredmedia":[{"embeddable":true,"href":"https:\/\/radioespectro.cl\/wp-json\/wp\/v2\/media\/155"}],"wp:attachment":[{"href":"https:\/\/radioespectro.cl\/wp-json\/wp\/v2\/media?parent=152"}],"wp:term":[{"taxonomy":"category","embeddable":true,"href":"https:\/\/radioespectro.cl\/wp-json\/wp\/v2\/categories?post=152"},{"taxonomy":"post_tag","embeddable":true,"href":"https:\/\/radioespectro.cl\/wp-json\/wp\/v2\/tags?post=152"}],"curies":[{"name":"wp","href":"https:\/\/api.w.org\/{rel}","templated":true}]}}