{"id":362,"date":"2024-08-08T17:17:11","date_gmt":"2024-08-08T20:17:11","guid":{"rendered":"https:\/\/radioespectro.cl\/?p=362"},"modified":"2024-08-08T17:20:14","modified_gmt":"2024-08-08T20:20:14","slug":"artista-temuquense-representara-a-chile-en-festival-internacional-de-la-cancion-de-uruguay","status":"publish","type":"post","link":"https:\/\/radioespectro.cl\/artista-temuquense-representara-a-chile-en-festival-internacional-de-la-cancion-de-uruguay\/","title":{"rendered":"ARTISTA TEMUQUENSE REPRESENTAR\u00c1 A CHILE EN FESTIVAL INTERNACIONAL DE LA CANCI\u00d3N DE URUGUAY"},"content":{"rendered":"<p>&nbsp;<\/p>\n<p><em>\u201cNaufragio Voluntario\u201d es el nombre de la canci\u00f3n in\u00e9dita con que la cantautora YILIANE representar\u00e1 a nuestro pa\u00eds en el Festival Internacional de la Canci\u00f3n de Punta del Este<\/em><\/p>\n<p>La cantante nacional Yiliane, radicada en la ciudad de Temuco, representar\u00e1 a Chile en el Festival Internacional de la Canci\u00f3n de Punta del Este, Uruguay, que se llevar\u00e1 a cabo del 14 al 19 de octubre. En esta 12\u00aa edici\u00f3n del certamen, la artista buscar\u00e1 consagrar a Chile como ganador del festival por primera vez.<\/p>\n<p>\u00abEs algo que no me hab\u00eda imaginado y que ocurri\u00f3 de forma sorpresiva. Ten\u00eda entre mis objetivos realizar una gira fuera de Chile. Sin embargo, no hab\u00eda considerado competir en un festival, y mucho menos en Uruguay. Incluso, en alg\u00fan momento pens\u00e9 que podr\u00eda aventurarme en alg\u00fan festival chileno, como Vi\u00f1a del Mar. Y esto ocurri\u00f3 antes. El camino de las canciones me sigue sorprendiendo, y me alegra mucho poder mostrar mi m\u00fasica en Montevideo, Punta del Este y pueblos aleda\u00f1os. Sospecho que Uruguay ser\u00e1 una puerta m\u00e1gica para mi m\u00fasica\u00bb, expres\u00f3 la cantante.<\/p>\n<p>Yiliane viajar\u00e1 junto a la baterista B\u00e1rbara Mu\u00f1oz, quien es parte de la banda desde hace dos a\u00f1os, y presentar\u00e1n en formato d\u00fao el single \u00abNaufragio Voluntario\u00bb, una producci\u00f3n in\u00e9dita con arreglos y producci\u00f3n de Sebasti\u00e1n Bustos. \u00abCreo que para m\u00ed tambi\u00e9n es importante abrirme al mundo desde Uruguay, porque es un pa\u00eds que aprecia y difunde la cultura, en el cual existe una riqueza musical y referentes que son un ejemplo de c\u00f3mo transmitir belleza humana desde las canciones, como Jorge Drexler, que es un gran referente l\u00edrico\u00bb, indic\u00f3 la artista.<\/p>\n<p>Adem\u00e1s, la cantautora competir\u00e1 en dos categor\u00edas adicionales: Mejor Videoclip, cuya producci\u00f3n se realiz\u00f3 en colaboraci\u00f3n con la artista audiovisual Bit\u00e1cora Circular, y Artista M\u00e1s Popular, donde el p\u00fablico podr\u00e1 votar por su favorito.<\/p>\n<p>Por esta raz\u00f3n, la cantante temuquense est\u00e1 recaudando fondos y buscando patrocinadores a trav\u00e9s de su cuenta de Instagram: <strong>@yiliane_musica<\/strong>. El objetivo es hacer realidad su participaci\u00f3n en esta apuesta internacional, cubriendo los gastos del viaje desde Chile a Uruguay y logrando as\u00ed representar a la escena musical nacional y regional en un escenario de renombre.<\/p>\n<p>Yiliane es una de las artistas con mayor proyecci\u00f3n de la regi\u00f3n de La Araucan\u00eda. Con siete a\u00f1os de carrera a sus espaldas, en el 2020 lanz\u00f3 su primer EP como solista, titulado \u00abHeridas de Tierra\u00bb. Este sencillo, producido por Javier Barr\u00eda, recibi\u00f3 una nominaci\u00f3n en los Premios Escuchar 2021 por su portada y fue considerado uno de los 20 mejores EPs de 2020 por soloartistaschilenos.cl.<\/p>\n<p>Actualmente, Yiliane est\u00e1 trabajando en un nuevo sencillo titulado \u00abTiempos Venideros\u00bb, producido en colaboraci\u00f3n con B\u00e1rbara y el productor musical Qwerty. Este tema ser\u00e1 presentado pr\u00f3ximamente a trav\u00e9s de un videoclip y formar\u00e1 parte de su \u00e1lbum debut.<\/p>\n<p>Para m\u00e1s informaci\u00f3n sobre el festival, visita su cuenta de Instagram @fic_punta_del_este.<\/p>\n","protected":false},"excerpt":{"rendered":"<p>&nbsp; \u201cNaufragio Voluntario\u201d es el nombre de la canci\u00f3n in\u00e9dita con que la cantautora YILIANE representar\u00e1 a nuestro pa\u00eds en el Festival Internacional de la Canci\u00f3n de Punta del Este La cantante nacional Yiliane, radicada en la ciudad de Temuco, representar\u00e1 a Chile en el Festival Internacional de la Canci\u00f3n de Punta del Este, Uruguay, [&hellip;]<\/p>\n","protected":false},"author":2,"featured_media":364,"comment_status":"closed","ping_status":"closed","sticky":false,"template":"","format":"standard","meta":{"footnotes":""},"categories":[4],"tags":[],"class_list":["post-362","post","type-post","status-publish","format-standard","has-post-thumbnail","hentry","category-nacional"],"_links":{"self":[{"href":"https:\/\/radioespectro.cl\/wp-json\/wp\/v2\/posts\/362","targetHints":{"allow":["GET"]}}],"collection":[{"href":"https:\/\/radioespectro.cl\/wp-json\/wp\/v2\/posts"}],"about":[{"href":"https:\/\/radioespectro.cl\/wp-json\/wp\/v2\/types\/post"}],"author":[{"embeddable":true,"href":"https:\/\/radioespectro.cl\/wp-json\/wp\/v2\/users\/2"}],"replies":[{"embeddable":true,"href":"https:\/\/radioespectro.cl\/wp-json\/wp\/v2\/comments?post=362"}],"version-history":[{"count":2,"href":"https:\/\/radioespectro.cl\/wp-json\/wp\/v2\/posts\/362\/revisions"}],"predecessor-version":[{"id":366,"href":"https:\/\/radioespectro.cl\/wp-json\/wp\/v2\/posts\/362\/revisions\/366"}],"wp:featuredmedia":[{"embeddable":true,"href":"https:\/\/radioespectro.cl\/wp-json\/wp\/v2\/media\/364"}],"wp:attachment":[{"href":"https:\/\/radioespectro.cl\/wp-json\/wp\/v2\/media?parent=362"}],"wp:term":[{"taxonomy":"category","embeddable":true,"href":"https:\/\/radioespectro.cl\/wp-json\/wp\/v2\/categories?post=362"},{"taxonomy":"post_tag","embeddable":true,"href":"https:\/\/radioespectro.cl\/wp-json\/wp\/v2\/tags?post=362"}],"curies":[{"name":"wp","href":"https:\/\/api.w.org\/{rel}","templated":true}]}}